{"id":2299,"date":"2020-06-26T11:35:44","date_gmt":"2020-06-26T09:35:44","guid":{"rendered":"https:\/\/firmalan.com\/sv\/?p=2299"},"modified":"2020-06-26T11:36:06","modified_gmt":"2020-06-26T09:36:06","slug":"trendbrott-inga-nya-foretagslan-under-2020","status":"publish","type":"post","link":"https:\/\/firmalan.com\/sv\/2299-trendbrott-inga-nya-foretagslan-under-2020\/","title":{"rendered":"Trendbrott: Inga nya f\u00f6retagsl\u00e5n under 2020"},"content":{"rendered":"<p>De senaste \u00e5ren har marknaden f\u00f6r f\u00f6retagsutl\u00e5ning i det n\u00e4rmaste exploderat, men s\u00e5 h\u00e4r l\u00e5ngt under 2020 har inga nya f\u00f6retagsl\u00e5n introducerats p\u00e5 den svenska marknaden. Detta om man bortser fr\u00e5n <a href=\"https:\/\/firmalan.com\/sv\/2267-cdon-inleder-samarbete-med-froda\/\">CDON som ing\u00e5tt ett samarbete med Froda f\u00f6retagsl\u00e5n<\/a>, vilket vi valt att g\u00f6ra d\u00e5 detta inte n\u00e5gon ny produkt i sig utan endast ett strategiskt avtal mellan tv\u00e5 etablerade parter. Sannolikt har spridningen av Coronaviruset och de effekter som pandemin haft p\u00e5 den nationella och globala ekonomin a avskr\u00e4ckt ett par akt\u00f6rer fr\u00e5n att lansera nya l\u00e5n till f\u00f6retag detta \u00e5r. Det vi upplever nu \u00e4r ett trendbrott fr\u00e5n de senaste \u00e5rens nyetablering av olika sorters f\u00f6retagsl\u00e5n.<\/p>\n<p>Efterfr\u00e5gan p\u00e5 f\u00f6retagsl\u00e5n har inte heller \u00f6kat i den takt som flera banker och experter tidigare f\u00f6rutsp\u00e5tt. Visserligen \u00f6kade trycket p\u00e5 likviditetsl\u00e5n markant under mars m\u00e5nad (enligt Lendos veckovisa kartl\u00e4ggning 2020-04-22 av f\u00f6retagsutl\u00e5ningen), men sedan har den sjunkit tillbaka till samma niv\u00e5er som f\u00f6re pandemins utbrott. \u00d6kningen kan f\u00f6rmodligen d\u00e4rmed tolkas som en f\u00f6rsta akutreaktion i samband med virusutbrottet.<\/p>\n<h3>Kan vara ett tecken p\u00e5 avmattning<\/h3>\n<p>Att inga nya f\u00f6retagsl\u00e5n lanserats under 2020 kan ocks\u00e5 vara ett tecken p\u00e5 att marknaden b\u00f6rjar bli m\u00e4ttad. Antalet bankutmanare och kreditgivare som prim\u00e4rt v\u00e4nder sig till f\u00f6retag har flerdubblats p\u00e5 ett f\u00e5tal \u00e5r och det \u00e4r nog rimligt att det blir en s\u00e4ttning i marknaden, om inte redan s\u00e5 inom en snar framtid.<\/p>\n<h2>Prognos f\u00f6r f\u00f6retagsutl\u00e5ning 2020<\/h2>\n<p>Varje kvartal presenterar Almi en l\u00e5neindikator (genomf\u00f6rd av Origo Group) d\u00e4r man unders\u00f6ker hur bankkontoren runt om i landet ser p\u00e5 det aktuella l\u00e4get inom f\u00f6retagsutl\u00e5ning samt dess framtidsutsikter. Den senaste l\u00e5neindikatorn visar att utl\u00e5ningen till f\u00f6retag minskade under kvartal tv\u00e5. Bankerna bed\u00f6mer att l\u00e5nebehoven bland f\u00f6retagen har \u00f6kat och fortsatt kommer att \u00f6ka. S\u00e4rskilt stora \u00e4r behoven just nu inom tillverkningsindustrin. Det som sticker ut i unders\u00f6kningen \u00e4r att betydligt fler f\u00f6retagskunder j\u00e4mf\u00f6rt med tidigare har sv\u00e5rt att f\u00e5 l\u00e5n beviljade.<\/p>\n<p>En av tre bankchefer tror att f\u00f6retagsutl\u00e5ningen kommer att \u00f6ka under det tredje kvartalet, men de flesta bed\u00f6mer att niv\u00e5n kommer ligga f\u00f6rh\u00e5llandevis still p\u00e5 kort sikt. L\u00e5ngsiktigt tror en majoritet p\u00e5 \u00f6kad f\u00f6retagsutl\u00e5ning.<\/p>\n<p>Fyra av fem bankchefer upplever att f\u00f6retagens oms\u00e4ttning samt anst\u00e4llningstal minskat j\u00e4mf\u00f6rt med f\u00f6reg\u00e5ende l\u00e5neindikator.<\/p>\n<p>En klar majoritet av de tillfr\u00e5gade bankcheferna bed\u00f6mer att antalet konkurser kommer \u00f6ka, och en av fyra tror att konkurserna kommer att \u00f6ka mycket kraftigt. Samtidigt bed\u00f6mer allt fler av de tillfr\u00e5gade bankcheferna att konjunkturutvecklingen kommer att forts\u00e4tta att mattas av och andelen som tror p\u00e5 en kraftig inbromsning av ekonomin har \u00f6kat sedan f\u00f6reg\u00e5ende m\u00e4tning.<\/p>\n","protected":false},"excerpt":{"rendered":"<p>De senaste \u00e5ren har marknaden f\u00f6r f\u00f6retagsutl\u00e5ning i det n\u00e4rmaste exploderat, men s\u00e5 h\u00e4r l\u00e5ngt under 2020 har inga nya f\u00f6retagsl\u00e5n introducerats p\u00e5 den svenska marknaden. Detta om man bortser &#8230;<\/p>\n","protected":false},"author":1,"featured_media":0,"comment_status":"open","ping_status":"open","sticky":false,"template":"","format":"standard","meta":{"footnotes":""},"categories":[1],"tags":[],"class_list":["post-2299","post","type-post","status-publish","format-standard","hentry","category-nyheter"],"_links":{"self":[{"href":"https:\/\/firmalan.com\/sv\/wp-json\/wp\/v2\/posts\/2299","targetHints":{"allow":["GET"]}}],"collection":[{"href":"https:\/\/firmalan.com\/sv\/wp-json\/wp\/v2\/posts"}],"about":[{"href":"https:\/\/firmalan.com\/sv\/wp-json\/wp\/v2\/types\/post"}],"author":[{"embeddable":true,"href":"https:\/\/firmalan.com\/sv\/wp-json\/wp\/v2\/users\/1"}],"replies":[{"embeddable":true,"href":"https:\/\/firmalan.com\/sv\/wp-json\/wp\/v2\/comments?post=2299"}],"version-history":[{"count":2,"href":"https:\/\/firmalan.com\/sv\/wp-json\/wp\/v2\/posts\/2299\/revisions"}],"predecessor-version":[{"id":2301,"href":"https:\/\/firmalan.com\/sv\/wp-json\/wp\/v2\/posts\/2299\/revisions\/2301"}],"wp:attachment":[{"href":"https:\/\/firmalan.com\/sv\/wp-json\/wp\/v2\/media?parent=2299"}],"wp:term":[{"taxonomy":"category","embeddable":true,"href":"https:\/\/firmalan.com\/sv\/wp-json\/wp\/v2\/categories?post=2299"},{"taxonomy":"post_tag","embeddable":true,"href":"https:\/\/firmalan.com\/sv\/wp-json\/wp\/v2\/tags?post=2299"}],"curies":[{"name":"wp","href":"https:\/\/api.w.org\/{rel}","templated":true}]}}